{"id":91727,"date":"2024-10-11T09:21:06","date_gmt":"2024-10-11T08:21:06","guid":{"rendered":"https:\/\/www.parcastronomicprades.cat\/tarragona-digital-nit-despectacle-a-les-muntanyes-de-prades-amb-increibles-imatges-daurores-boreals\/"},"modified":"2024-10-11T09:21:06","modified_gmt":"2024-10-11T08:21:06","slug":"tarragona-digital-nit-despectacle-a-les-muntanyes-de-prades-amb-increibles-imatges-daurores-boreals","status":"publish","type":"post","link":"https:\/\/www.parcastronomicprades.cat\/es\/tarragona-digital-nit-despectacle-a-les-muntanyes-de-prades-amb-increibles-imatges-daurores-boreals\/","title":{"rendered":"TARRAGONA DIGITAL: Nit d&#8217;espectacle a les muntanyes de Prades amb incre\u00efbles imatges d&#8217;aurores boreals"},"content":{"rendered":"<p>El <strong>Camp<\/strong> de <strong>Tarragona<\/strong> ha viscut una <strong>nit m\u00e0gica <\/strong>amb la visi\u00f3<strong> d&#8217;aurores boreals<\/strong>, un <strong>fenomen<\/strong> natural extraordin\u00e0riament <strong>estrany<\/strong> a la nostra zona. Aquesta vegada, les condicions meteorol\u00f2giques i una <strong>intensa activitat solar<\/strong> han perm\u00e8s que aquest <strong>espectacle<\/strong> lum\u00ednic, que ja es va deixar veure el passat mes de maig a les Muntanyes de Prades, torni a ser visible des de diferents punts del territori, amb un esclat encara m\u00e9s impressionant. <\/p>\n<div id=\"BN-C0xlrMZzsElBxpZ0T3b7\"><\/div>\n<div data-oembed-url=\"https:\/\/x.com\/parcastroprades\/status\/1844488300352188704\">\n<div class=\"twitter-tweet twitter-tweet-rendered\"><iframe id=\"twitter-widget-0\" class=\"\" title=\"X Post\" src=\"https:\/\/platform.twitter.com\/embed\/Tweet.html?dnt=true&amp;embedId=twitter-widget-0&amp;features=eyJ0ZndfdGltZWxpbmVfbGlzdCI6eyJidWNrZXQiOltdLCJ2ZXJzaW9uIjpudWxsfSwidGZ3X2ZvbGxvd2VyX2NvdW50X3N1bnNldCI6eyJidWNrZXQiOnRydWUsInZlcnNpb24iOm51bGx9LCJ0ZndfdHdlZXRfZWRpdF9iYWNrZW5kIjp7ImJ1Y2tldCI6Im9uIiwidmVyc2lvbiI6bnVsbH0sInRmd19yZWZzcmNfc2Vzc2lvbiI6eyJidWNrZXQiOiJvbiIsInZlcnNpb24iOm51bGx9LCJ0ZndfZm9zbnJfc29mdF9pbnRlcnZlbnRpb25zX2VuYWJsZWQiOnsiYnVja2V0Ijoib24iLCJ2ZXJzaW9uIjpudWxsfSwidGZ3X21peGVkX21lZGlhXzE1ODk3Ijp7ImJ1Y2tldCI6InRyZWF0bWVudCIsInZlcnNpb24iOm51bGx9LCJ0ZndfZXhwZXJpbWVudHNfY29va2llX2V4cGlyYXRpb24iOnsiYnVja2V0IjoxMjA5NjAwLCJ2ZXJzaW9uIjpudWxsfSwidGZ3X3Nob3dfYmlyZHdhdGNoX3Bpdm90c19lbmFibGVkIjp7ImJ1Y2tldCI6Im9uIiwidmVyc2lvbiI6bnVsbH0sInRmd19kdXBsaWNhdGVfc2NyaWJlc190b19zZXR0aW5ncyI6eyJidWNrZXQiOiJvbiIsInZlcnNpb24iOm51bGx9LCJ0ZndfdXNlX3Byb2ZpbGVfaW1hZ2Vfc2hhcGVfZW5hYmxlZCI6eyJidWNrZXQiOiJvbiIsInZlcnNpb24iOm51bGx9LCJ0ZndfdmlkZW9faGxzX2R5bmFtaWNfbWFuaWZlc3RzXzE1MDgyIjp7ImJ1Y2tldCI6InRydWVfYml0cmF0ZSIsInZlcnNpb24iOm51bGx9LCJ0ZndfbGVnYWN5X3RpbWVsaW5lX3N1bnNldCI6eyJidWNrZXQiOnRydWUsInZlcnNpb24iOm51bGx9LCJ0ZndfdHdlZXRfZWRpdF9mcm9udGVuZCI6eyJidWNrZXQiOiJvbiIsInZlcnNpb24iOm51bGx9fQ%3D%3D&amp;frame=false&amp;hideCard=false&amp;hideThread=false&amp;id=1844488300352188704&amp;lang=ca&amp;origin=https%3A%2F%2Ftarragonadigital.com%2Fmeteorologia%2Fmuntanyes-prades-espectaculars-imatges-aurores-boreals.html&amp;sessionId=4ff0148a49d8037eb919a3df602efe3df4865b9f&amp;theme=light&amp;widgetsVersion=2615f7e52b7e0%3A1702314776716&amp;width=550px\" frameborder=\"0\" scrolling=\"no\" allowfullscreen=\"allowfullscreen\" data-tweet-id=\"1844488300352188704\" data-gtm-yt-inspected-8=\"true\" data-mce-fragment=\"1\"><\/iframe><\/div>\n<\/div>\n<p>Les previsions marcaven que de l&#8217;11 fins al 13 d&#8217;octubre, els <strong>cels<\/strong> nocturns del Camp de <strong>Tarragona<\/strong> i altres regions de <strong>Catalunya<\/strong> podien ser <strong>testimoni<\/strong> de les <strong>aurores<\/strong> boreals, i, finalment, la primera nit el cel ha <strong>esclatat<\/strong> en <strong>colors<\/strong> gr\u00e0cies al fenomen que fins i tot s&#8217;ha pogut <strong>veure a ull <\/strong>nu gr\u00e0cies a la gran pot\u00e8ncia de l&#8217;activitat solar.<\/p>\n<div id=\"sm-it-main-container-1745223387372\" class=\"sm-it-main-container\" data-it=\"743525f6-e17b-44fd-a8e3-2dc661fc4e9f\" data-device=\"desktop\" data-index=\"0\">\n<div id=\"sm-reference-1745223387372\" class=\"sm-reference\"><\/div>\n<\/div>\n<div id=\"BN-U4ZiDSvakXhQdUq5QGmN\"><\/div>\n<div data-oembed-url=\"https:\/\/x.com\/parcastroprades\/status\/1844525465106559144\">\n<div class=\"twitter-tweet twitter-tweet-rendered\"><iframe id=\"twitter-widget-1\" class=\"\" title=\"X Post\" src=\"https:\/\/platform.twitter.com\/embed\/Tweet.html?dnt=true&amp;embedId=twitter-widget-1&amp;features=eyJ0ZndfdGltZWxpbmVfbGlzdCI6eyJidWNrZXQiOltdLCJ2ZXJzaW9uIjpudWxsfSwidGZ3X2ZvbGxvd2VyX2NvdW50X3N1bnNldCI6eyJidWNrZXQiOnRydWUsInZlcnNpb24iOm51bGx9LCJ0ZndfdHdlZXRfZWRpdF9iYWNrZW5kIjp7ImJ1Y2tldCI6Im9uIiwidmVyc2lvbiI6bnVsbH0sInRmd19yZWZzcmNfc2Vzc2lvbiI6eyJidWNrZXQiOiJvbiIsInZlcnNpb24iOm51bGx9LCJ0ZndfZm9zbnJfc29mdF9pbnRlcnZlbnRpb25zX2VuYWJsZWQiOnsiYnVja2V0Ijoib24iLCJ2ZXJzaW9uIjpudWxsfSwidGZ3X21peGVkX21lZGlhXzE1ODk3Ijp7ImJ1Y2tldCI6InRyZWF0bWVudCIsInZlcnNpb24iOm51bGx9LCJ0ZndfZXhwZXJpbWVudHNfY29va2llX2V4cGlyYXRpb24iOnsiYnVja2V0IjoxMjA5NjAwLCJ2ZXJzaW9uIjpudWxsfSwidGZ3X3Nob3dfYmlyZHdhdGNoX3Bpdm90c19lbmFibGVkIjp7ImJ1Y2tldCI6Im9uIiwidmVyc2lvbiI6bnVsbH0sInRmd19kdXBsaWNhdGVfc2NyaWJlc190b19zZXR0aW5ncyI6eyJidWNrZXQiOiJvbiIsInZlcnNpb24iOm51bGx9LCJ0ZndfdXNlX3Byb2ZpbGVfaW1hZ2Vfc2hhcGVfZW5hYmxlZCI6eyJidWNrZXQiOiJvbiIsInZlcnNpb24iOm51bGx9LCJ0ZndfdmlkZW9faGxzX2R5bmFtaWNfbWFuaWZlc3RzXzE1MDgyIjp7ImJ1Y2tldCI6InRydWVfYml0cmF0ZSIsInZlcnNpb24iOm51bGx9LCJ0ZndfbGVnYWN5X3RpbWVsaW5lX3N1bnNldCI6eyJidWNrZXQiOnRydWUsInZlcnNpb24iOm51bGx9LCJ0ZndfdHdlZXRfZWRpdF9mcm9udGVuZCI6eyJidWNrZXQiOiJvbiIsInZlcnNpb24iOm51bGx9fQ%3D%3D&amp;frame=false&amp;hideCard=false&amp;hideThread=false&amp;id=1844525465106559144&amp;lang=ca&amp;origin=https%3A%2F%2Ftarragonadigital.com%2Fmeteorologia%2Fmuntanyes-prades-espectaculars-imatges-aurores-boreals.html&amp;sessionId=4ff0148a49d8037eb919a3df602efe3df4865b9f&amp;theme=light&amp;widgetsVersion=2615f7e52b7e0%3A1702314776716&amp;width=550px\" frameborder=\"0\" scrolling=\"no\" allowfullscreen=\"allowfullscreen\" data-tweet-id=\"1844525465106559144\" data-gtm-yt-inspected-8=\"true\" data-mce-fragment=\"1\"><\/iframe><\/div>\n<\/div>\n<p><strong>AstroPrades<\/strong>, reconegut per les seves iniciatives d&#8217;observaci\u00f3 astron\u00f2mica i per la protecci\u00f3 del cel de les muntanyes de Prades, ha estat al peu del can\u00f3 durant aquesta nit per <strong>documentar<\/strong> l&#8217;esdeveniment amb <strong>fotografies<\/strong> i <strong>v\u00eddeos<\/strong> d&#8217;una qualitat excepcional. Les seves <strong>imatges<\/strong> han <strong>immortalitzat<\/strong> aquest <strong>moment m\u00e0gic,<\/strong> compartint la bellesa de les <strong>aurores boreals<\/strong> amb el m\u00f3n. A trav\u00e9s de les xarxes socials, han dif\u00f3s aquestes impressionants captures.  <\/p>\n<div id=\"BN-Dsg9B8O1potzIb82O7EQ\"><\/div>\n<div data-oembed-url=\"https:\/\/x.com\/parcastroprades\/status\/1844614925714395611\">\n<div class=\"twitter-tweet twitter-tweet-rendered\"><iframe id=\"twitter-widget-2\" class=\"\" title=\"X Post\" src=\"https:\/\/platform.twitter.com\/embed\/Tweet.html?dnt=true&amp;embedId=twitter-widget-2&amp;features=eyJ0ZndfdGltZWxpbmVfbGlzdCI6eyJidWNrZXQiOltdLCJ2ZXJzaW9uIjpudWxsfSwidGZ3X2ZvbGxvd2VyX2NvdW50X3N1bnNldCI6eyJidWNrZXQiOnRydWUsInZlcnNpb24iOm51bGx9LCJ0ZndfdHdlZXRfZWRpdF9iYWNrZW5kIjp7ImJ1Y2tldCI6Im9uIiwidmVyc2lvbiI6bnVsbH0sInRmd19yZWZzcmNfc2Vzc2lvbiI6eyJidWNrZXQiOiJvbiIsInZlcnNpb24iOm51bGx9LCJ0ZndfZm9zbnJfc29mdF9pbnRlcnZlbnRpb25zX2VuYWJsZWQiOnsiYnVja2V0Ijoib24iLCJ2ZXJzaW9uIjpudWxsfSwidGZ3X21peGVkX21lZGlhXzE1ODk3Ijp7ImJ1Y2tldCI6InRyZWF0bWVudCIsInZlcnNpb24iOm51bGx9LCJ0ZndfZXhwZXJpbWVudHNfY29va2llX2V4cGlyYXRpb24iOnsiYnVja2V0IjoxMjA5NjAwLCJ2ZXJzaW9uIjpudWxsfSwidGZ3X3Nob3dfYmlyZHdhdGNoX3Bpdm90c19lbmFibGVkIjp7ImJ1Y2tldCI6Im9uIiwidmVyc2lvbiI6bnVsbH0sInRmd19kdXBsaWNhdGVfc2NyaWJlc190b19zZXR0aW5ncyI6eyJidWNrZXQiOiJvbiIsInZlcnNpb24iOm51bGx9LCJ0ZndfdXNlX3Byb2ZpbGVfaW1hZ2Vfc2hhcGVfZW5hYmxlZCI6eyJidWNrZXQiOiJvbiIsInZlcnNpb24iOm51bGx9LCJ0ZndfdmlkZW9faGxzX2R5bmFtaWNfbWFuaWZlc3RzXzE1MDgyIjp7ImJ1Y2tldCI6InRydWVfYml0cmF0ZSIsInZlcnNpb24iOm51bGx9LCJ0ZndfbGVnYWN5X3RpbWVsaW5lX3N1bnNldCI6eyJidWNrZXQiOnRydWUsInZlcnNpb24iOm51bGx9LCJ0ZndfdHdlZXRfZWRpdF9mcm9udGVuZCI6eyJidWNrZXQiOiJvbiIsInZlcnNpb24iOm51bGx9fQ%3D%3D&amp;frame=false&amp;hideCard=false&amp;hideThread=false&amp;id=1844614925714395611&amp;lang=ca&amp;origin=https%3A%2F%2Ftarragonadigital.com%2Fmeteorologia%2Fmuntanyes-prades-espectaculars-imatges-aurores-boreals.html&amp;sessionId=4ff0148a49d8037eb919a3df602efe3df4865b9f&amp;theme=light&amp;widgetsVersion=2615f7e52b7e0%3A1702314776716&amp;width=550px\" frameborder=\"0\" scrolling=\"no\" allowfullscreen=\"allowfullscreen\" data-tweet-id=\"1844614925714395611\" data-gtm-yt-inspected-8=\"true\" data-mce-fragment=\"1\"><\/iframe><\/div>\n<\/div>\n<h2>Espectacle al cel mundial<\/h2>\n<p>A m\u00e9s, les <strong>aurores boreals<\/strong> s&#8217;han pogut <strong>observar<\/strong> des de diversos punts de <strong>Catalunya<\/strong> i altres llocs del <strong>m\u00f3n<\/strong>, amb imatges que no deixen indiferent. Aquest fenomen natural, que generalment es veu a <strong>latituds<\/strong> molt m\u00e9s elevades, ha estat possible gr\u00e0cies a <strong>l&#8217;excepcionalitat<\/strong> de l&#8217;activitat solar, oferint un espectacle visual ins\u00f2lit i inoblidable. <\/p>\n<div id=\"BN-chWSs4iehNhzMVES1lLY\"><\/div>\n<div data-oembed-url=\"https:\/\/x.com\/jontcphoto\/status\/1844495440500375634\">\n<div class=\"twitter-tweet twitter-tweet-rendered\"><iframe id=\"twitter-widget-3\" class=\"\" title=\"X Post\" src=\"https:\/\/platform.twitter.com\/embed\/Tweet.html?dnt=true&amp;embedId=twitter-widget-3&amp;features=eyJ0ZndfdGltZWxpbmVfbGlzdCI6eyJidWNrZXQiOltdLCJ2ZXJzaW9uIjpudWxsfSwidGZ3X2ZvbGxvd2VyX2NvdW50X3N1bnNldCI6eyJidWNrZXQiOnRydWUsInZlcnNpb24iOm51bGx9LCJ0ZndfdHdlZXRfZWRpdF9iYWNrZW5kIjp7ImJ1Y2tldCI6Im9uIiwidmVyc2lvbiI6bnVsbH0sInRmd19yZWZzcmNfc2Vzc2lvbiI6eyJidWNrZXQiOiJvbiIsInZlcnNpb24iOm51bGx9LCJ0ZndfZm9zbnJfc29mdF9pbnRlcnZlbnRpb25zX2VuYWJsZWQiOnsiYnVja2V0Ijoib24iLCJ2ZXJzaW9uIjpudWxsfSwidGZ3X21peGVkX21lZGlhXzE1ODk3Ijp7ImJ1Y2tldCI6InRyZWF0bWVudCIsInZlcnNpb24iOm51bGx9LCJ0ZndfZXhwZXJpbWVudHNfY29va2llX2V4cGlyYXRpb24iOnsiYnVja2V0IjoxMjA5NjAwLCJ2ZXJzaW9uIjpudWxsfSwidGZ3X3Nob3dfYmlyZHdhdGNoX3Bpdm90c19lbmFibGVkIjp7ImJ1Y2tldCI6Im9uIiwidmVyc2lvbiI6bnVsbH0sInRmd19kdXBsaWNhdGVfc2NyaWJlc190b19zZXR0aW5ncyI6eyJidWNrZXQiOiJvbiIsInZlcnNpb24iOm51bGx9LCJ0ZndfdXNlX3Byb2ZpbGVfaW1hZ2Vfc2hhcGVfZW5hYmxlZCI6eyJidWNrZXQiOiJvbiIsInZlcnNpb24iOm51bGx9LCJ0ZndfdmlkZW9faGxzX2R5bmFtaWNfbWFuaWZlc3RzXzE1MDgyIjp7ImJ1Y2tldCI6InRydWVfYml0cmF0ZSIsInZlcnNpb24iOm51bGx9LCJ0ZndfbGVnYWN5X3RpbWVsaW5lX3N1bnNldCI6eyJidWNrZXQiOnRydWUsInZlcnNpb24iOm51bGx9LCJ0ZndfdHdlZXRfZWRpdF9mcm9udGVuZCI6eyJidWNrZXQiOiJvbiIsInZlcnNpb24iOm51bGx9fQ%3D%3D&amp;frame=false&amp;hideCard=false&amp;hideThread=false&amp;id=1844495440500375634&amp;lang=ca&amp;origin=https%3A%2F%2Ftarragonadigital.com%2Fmeteorologia%2Fmuntanyes-prades-espectaculars-imatges-aurores-boreals.html&amp;sessionId=4ff0148a49d8037eb919a3df602efe3df4865b9f&amp;theme=light&amp;widgetsVersion=2615f7e52b7e0%3A1702314776716&amp;width=550px\" frameborder=\"0\" scrolling=\"no\" allowfullscreen=\"allowfullscreen\" data-tweet-id=\"1844495440500375634\" data-gtm-yt-inspected-8=\"true\" data-mce-fragment=\"1\"><\/iframe><\/div>\n<\/div>\n<p>Els <strong>observadors<\/strong> del <strong>cel<\/strong> i els aficionats a l&#8217;astronomia ja es freguen les mans per <strong>noves oportunitats <\/strong>d&#8217;aquest tipus. Tant AstroPrades com altres grups astron\u00f2mics de Catalunya estan preparats per futurs esdeveniments que podrien portar de nou aquest tipus de <strong>fen\u00f2mens<\/strong> a les nostres <strong>latituds<\/strong> en els<strong> pr\u00f2xims dies<\/strong>, convertint la Serra de Llaberia, la Mola de Colldejou i el castell monestir de Sant Miquel d&#8217;Escornalbou en llocs de privilegi per a l&#8217;observaci\u00f3 del cel. <\/p>\n<div id=\"BN-DWLYpMEg6pcUnz6z6XQg\"><\/div>\n<div data-oembed-url=\"https:\/\/x.com\/danitonski\/status\/1844529850389868754\">\n<div class=\"twitter-tweet twitter-tweet-rendered\"><iframe id=\"twitter-widget-4\" class=\"\" title=\"X Post\" src=\"https:\/\/platform.twitter.com\/embed\/Tweet.html?dnt=true&amp;embedId=twitter-widget-4&amp;features=eyJ0ZndfdGltZWxpbmVfbGlzdCI6eyJidWNrZXQiOltdLCJ2ZXJzaW9uIjpudWxsfSwidGZ3X2ZvbGxvd2VyX2NvdW50X3N1bnNldCI6eyJidWNrZXQiOnRydWUsInZlcnNpb24iOm51bGx9LCJ0ZndfdHdlZXRfZWRpdF9iYWNrZW5kIjp7ImJ1Y2tldCI6Im9uIiwidmVyc2lvbiI6bnVsbH0sInRmd19yZWZzcmNfc2Vzc2lvbiI6eyJidWNrZXQiOiJvbiIsInZlcnNpb24iOm51bGx9LCJ0ZndfZm9zbnJfc29mdF9pbnRlcnZlbnRpb25zX2VuYWJsZWQiOnsiYnVja2V0Ijoib24iLCJ2ZXJzaW9uIjpudWxsfSwidGZ3X21peGVkX21lZGlhXzE1ODk3Ijp7ImJ1Y2tldCI6InRyZWF0bWVudCIsInZlcnNpb24iOm51bGx9LCJ0ZndfZXhwZXJpbWVudHNfY29va2llX2V4cGlyYXRpb24iOnsiYnVja2V0IjoxMjA5NjAwLCJ2ZXJzaW9uIjpudWxsfSwidGZ3X3Nob3dfYmlyZHdhdGNoX3Bpdm90c19lbmFibGVkIjp7ImJ1Y2tldCI6Im9uIiwidmVyc2lvbiI6bnVsbH0sInRmd19kdXBsaWNhdGVfc2NyaWJlc190b19zZXR0aW5ncyI6eyJidWNrZXQiOiJvbiIsInZlcnNpb24iOm51bGx9LCJ0ZndfdXNlX3Byb2ZpbGVfaW1hZ2Vfc2hhcGVfZW5hYmxlZCI6eyJidWNrZXQiOiJvbiIsInZlcnNpb24iOm51bGx9LCJ0ZndfdmlkZW9faGxzX2R5bmFtaWNfbWFuaWZlc3RzXzE1MDgyIjp7ImJ1Y2tldCI6InRydWVfYml0cmF0ZSIsInZlcnNpb24iOm51bGx9LCJ0ZndfbGVnYWN5X3RpbWVsaW5lX3N1bnNldCI6eyJidWNrZXQiOnRydWUsInZlcnNpb24iOm51bGx9LCJ0ZndfdHdlZXRfZWRpdF9mcm9udGVuZCI6eyJidWNrZXQiOiJvbiIsInZlcnNpb24iOm51bGx9fQ%3D%3D&amp;frame=false&amp;hideCard=false&amp;hideThread=false&amp;id=1844529850389868754&amp;lang=ca&amp;origin=https%3A%2F%2Ftarragonadigital.com%2Fmeteorologia%2Fmuntanyes-prades-espectaculars-imatges-aurores-boreals.html&amp;sessionId=4ff0148a49d8037eb919a3df602efe3df4865b9f&amp;theme=light&amp;widgetsVersion=2615f7e52b7e0%3A1702314776716&amp;width=550px\" frameborder=\"0\" scrolling=\"no\" allowfullscreen=\"allowfullscreen\" data-tweet-id=\"1844529850389868754\" data-gtm-yt-inspected-8=\"true\" data-mce-fragment=\"1\"><\/iframe><\/div>\n<\/div>\n<div data-oembed-url=\"https:\/\/www.instagram.com\/p\/DA9axcntdvA\/\"><iframe id=\"instagram-embed-0\" class=\"instagram-media instagram-media-rendered\" src=\"https:\/\/www.instagram.com\/p\/DA9axcntdvA\/embed\/?cr=1&amp;v=14&amp;wp=411&amp;rd=https%3A%2F%2Ftarragonadigital.com&amp;rp=%2Fmeteorologia%2Fmuntanyes-prades-espectaculars-imatges-aurores-boreals_2036264_102.html#%7B%22ci%22%3A0%2C%22os%22%3A1614.1000000000931%2C%22ls%22%3A622.7000000001863%2C%22le%22%3A1467.3999999999069%7D\" height=\"646\" frameborder=\"0\" scrolling=\"no\" allowfullscreen=\"allowfullscreen\" data-instgrm-payload-id=\"instagram-media-payload-0\" data-gtm-yt-inspected-8=\"true\" data-mce-fragment=\"1\"><\/iframe><\/div>\n<div data-oembed-url=\"https:\/\/www.instagram.com\/p\/DA9axcntdvA\/\"><\/div>\n<div data-oembed-url=\"https:\/\/www.instagram.com\/p\/DA9axcntdvA\/\"><\/div>\n<div data-oembed-url=\"https:\/\/www.instagram.com\/p\/DA9axcntdvA\/\"><\/div>\n<div data-oembed-url=\"https:\/\/www.instagram.com\/p\/DA9axcntdvA\/\"><a href=\"https:\/\/tarragonadigital.com\/meteorologia\/muntanyes-prades-espectaculars-imatges-aurores-boreals_2036264_102.html\">VER LA NOTICIA<\/a><\/div>\n","protected":false},"excerpt":{"rendered":"<p>El Camp de Tarragona ha viscut una nit m\u00e0gica amb la visi\u00f3 d&#8217;aurores boreals, un fenomen natural extraordin\u00e0riament estrany a [&hellip;]<\/p>\n","protected":false},"author":5,"featured_media":89508,"comment_status":"closed","ping_status":"open","sticky":false,"template":"","format":"standard","meta":{"_acf_changed":false,"site-sidebar-layout":"default","site-content-layout":"","ast-site-content-layout":"default","site-content-style":"default","site-sidebar-style":"default","ast-global-header-display":"","ast-banner-title-visibility":"","ast-main-header-display":"","ast-hfb-above-header-display":"","ast-hfb-below-header-display":"","ast-hfb-mobile-header-display":"","site-post-title":"","ast-breadcrumbs-content":"","ast-featured-img":"","footer-sml-layout":"","theme-transparent-header-meta":"","adv-header-id-meta":"","stick-header-meta":"","header-above-stick-meta":"","header-main-stick-meta":"","header-below-stick-meta":"","astra-migrate-meta-layouts":"default","ast-page-background-enabled":"default","ast-page-background-meta":{"desktop":{"background-color":"var(--ast-global-color-5)","background-image":"","background-repeat":"repeat","background-position":"center center","background-size":"auto","background-attachment":"scroll","background-type":"","background-media":"","overlay-type":"","overlay-color":"","overlay-opacity":"","overlay-gradient":""},"tablet":{"background-color":"","background-image":"","background-repeat":"repeat","background-position":"center center","background-size":"auto","background-attachment":"scroll","background-type":"","background-media":"","overlay-type":"","overlay-color":"","overlay-opacity":"","overlay-gradient":""},"mobile":{"background-color":"","background-image":"","background-repeat":"repeat","background-position":"center center","background-size":"auto","background-attachment":"scroll","background-type":"","background-media":"","overlay-type":"","overlay-color":"","overlay-opacity":"","overlay-gradient":""}},"ast-content-background-meta":{"desktop":{"background-color":"var(--ast-global-color-4)","background-image":"","background-repeat":"repeat","background-position":"center center","background-size":"auto","background-attachment":"scroll","background-type":"","background-media":"","overlay-type":"","overlay-color":"","overlay-opacity":"","overlay-gradient":""},"tablet":{"background-color":"var(--ast-global-color-4)","background-image":"","background-repeat":"repeat","background-position":"center center","background-size":"auto","background-attachment":"scroll","background-type":"","background-media":"","overlay-type":"","overlay-color":"","overlay-opacity":"","overlay-gradient":""},"mobile":{"background-color":"var(--ast-global-color-4)","background-image":"","background-repeat":"repeat","background-position":"center center","background-size":"auto","background-attachment":"scroll","background-type":"","background-media":"","overlay-type":"","overlay-color":"","overlay-opacity":"","overlay-gradient":""}},"footnotes":""},"categories":[75],"tags":[],"class_list":["post-91727","post","type-post","status-publish","format-standard","has-post-thumbnail","hentry","category-noticias"],"acf":[],"_links":{"self":[{"href":"https:\/\/www.parcastronomicprades.cat\/es\/wp-json\/wp\/v2\/posts\/91727","targetHints":{"allow":["GET"]}}],"collection":[{"href":"https:\/\/www.parcastronomicprades.cat\/es\/wp-json\/wp\/v2\/posts"}],"about":[{"href":"https:\/\/www.parcastronomicprades.cat\/es\/wp-json\/wp\/v2\/types\/post"}],"author":[{"embeddable":true,"href":"https:\/\/www.parcastronomicprades.cat\/es\/wp-json\/wp\/v2\/users\/5"}],"replies":[{"embeddable":true,"href":"https:\/\/www.parcastronomicprades.cat\/es\/wp-json\/wp\/v2\/comments?post=91727"}],"version-history":[{"count":0,"href":"https:\/\/www.parcastronomicprades.cat\/es\/wp-json\/wp\/v2\/posts\/91727\/revisions"}],"wp:featuredmedia":[{"embeddable":true,"href":"https:\/\/www.parcastronomicprades.cat\/es\/wp-json\/wp\/v2\/media\/89508"}],"wp:attachment":[{"href":"https:\/\/www.parcastronomicprades.cat\/es\/wp-json\/wp\/v2\/media?parent=91727"}],"wp:term":[{"taxonomy":"category","embeddable":true,"href":"https:\/\/www.parcastronomicprades.cat\/es\/wp-json\/wp\/v2\/categories?post=91727"},{"taxonomy":"post_tag","embeddable":true,"href":"https:\/\/www.parcastronomicprades.cat\/es\/wp-json\/wp\/v2\/tags?post=91727"}],"curies":[{"name":"wp","href":"https:\/\/api.w.org\/{rel}","templated":true}]}}