{"id":77497,"date":"2024-07-18T17:59:26","date_gmt":"2024-07-18T16:59:26","guid":{"rendered":"https:\/\/www.parcastronomicprades.cat\/diari-de-tarragona-miradors-astronomics\/"},"modified":"2024-07-18T17:59:26","modified_gmt":"2024-07-18T16:59:26","slug":"diari-de-tarragona-miradors-astronomics","status":"publish","type":"post","link":"https:\/\/www.parcastronomicprades.cat\/es\/diari-de-tarragona-miradors-astronomics\/","title":{"rendered":"DIARI DE TARRAGONA: Miradors astron\u00f2mics"},"content":{"rendered":"<p><strong>El Parc Natural de la Serra de Montsant obre una xarxa de 10 miradors astron\u00f2mics als pobles de la seva \u00e0rea d\u2019influ\u00e8ncia<\/strong><\/p>\n<p><em>Gaudir del firmament, m\u00e9s a prop que mai<\/em><\/p>\n<p>&nbsp;<\/p>\n<p>El Montsant ha aprofitat la seva excel\u00b7lent qualitat del cel per obrir una xarxa de deu miradors astron\u00f2mics repartits per diferents municipis de l\u2019\u00e0rea, ubicats en indrets de f\u00e0cil acc\u00e9s i que es poden visitar tant de dia com de nit. Gaudir del cel ara \u00e9s m\u00e9s f\u00e0cil: els miradors estan habilitats amb elements<br \/>\nde mobiliari adaptats com ara terres en fusta natural i bancs on poder estirar-se a observar el firmament.<br \/>\nEls deu miradors astron\u00f2mics s\u00f3n als municipis d\u2019Ulldemolins, Margalef, la Bisbal de Falset, Cabac\u00e9s, la Vilella Baixa, la Vilella Alta, la Morera de Montsant, Albarca, la Figuera i Poboleda.<br \/>\n\u00abL\u2019objectiu de la xarxa de miradors \u00e9s promoure les visites al Parc i atraure visitants locals, nacionals i internacionals\u00bb explica al Diari David Iturria, director del Parc Natural de Montsant.<\/p>\n<p>El Montsant compta des de 2018 amb un Pla de protecci\u00f3 ac\u00fastic i lum\u00ednic i est\u00e0 acreditat com a destinaci\u00f3 tur\u00edstica Starlight des de 2021. Aix\u00f2 els permet preservar la qualitat del cel nocturn i promoure la conservaci\u00f3 de valors com el silenci, la foscor i la tranquil\u00b7litat. Valors estretament lligats a la c\u00e0rrega espiritual de la muntanya i que formen part del patrimoni cultural immaterial de la serra del Montsant.<br \/>\nEl Parc rep prop de 160.000 visites anuals i des de la direcci\u00f3 confien en \u00abaugmentar aquesta xifra\u00bb gr\u00e0cies a la xarxa de miradors. Els visitants poden gaudir d\u2019itineraris astron\u00f2mics variats, activitats d\u2019observaci\u00f3 de les constel\u00b7lacions i excursions nocturnes. Juntament amb els miradors, s\u2019ha habilitat un recorregut nocturn que comen\u00e7a al mirador astron\u00f2mic d\u2019Albarca: \u00e9s un itinerari lineal, sense desnivell i de dificultat baixa, pensat per fer de nit amb l\u2019ajut d\u2019una llanterna.<\/p>\n<p><em>Miradors homogenis<\/em><\/p>\n<p>Els miradors, a m\u00e9s de disposar d\u2019elements de mobiliari on acostar-se a observar el firmament, compten amb elements divulgatius que busquen ajudar als visitants en l\u2019activitat d\u2019observaci\u00f3 astron\u00f2mica: un indicador de l\u2019estrella polar i un faristol interpretatiu.<br \/>\nVuit d\u2019aquests miradors tenen un planisferi i els dos restants compten amb rellotges d\u2019estels; cadascun t\u00e9 una caracter\u00edstica particular del lloc on \u00e9s.<br \/>\nAleix Roig, divulgador astron\u00f2mic i un dels impulsors del Parc Astron\u00f2mic de Prades, declara al Diari que els miradors s\u00f3n \u00abpunts d\u2019interpretaci\u00f3 del cel que permeten gaudir de la bona qualitat del cel nocturn\u00bb. Afirma que amb aquesta xarxa de miradors astron\u00f2mics volen incentivar \u00aba m\u00e9s de l\u2019astronomia, amb els miradors col\u00b7locats en punts accessibles i tem\u00e0tics perqu\u00e8 puguin accedir-hi aficionats i empreses d\u2019astroturisme, activitats com el senderisme i el turisme actiu per atraure visitants d\u2019arreu del m\u00f3n\u00bb.<\/p>\n<p>&nbsp;<\/p>\n<p><a href=\"https:\/\/www.parcastronomicprades.cat\/wp-content\/uploads\/2024\/07\/Miradors-astronomics-Diari-de-Tarragona.pdf\">VER LA NOTICIA<\/a><\/p>\n","protected":false},"excerpt":{"rendered":"<p>El Parc Natural de la Serra de Montsant obre una xarxa de 10 miradors astron\u00f2mics als pobles de la seva [&hellip;]<\/p>\n","protected":false},"author":5,"featured_media":77491,"comment_status":"closed","ping_status":"open","sticky":false,"template":"","format":"standard","meta":{"_acf_changed":false,"site-sidebar-layout":"default","site-content-layout":"","ast-site-content-layout":"default","site-content-style":"default","site-sidebar-style":"default","ast-global-header-display":"","ast-banner-title-visibility":"","ast-main-header-display":"","ast-hfb-above-header-display":"","ast-hfb-below-header-display":"","ast-hfb-mobile-header-display":"","site-post-title":"","ast-breadcrumbs-content":"","ast-featured-img":"","footer-sml-layout":"","theme-transparent-header-meta":"","adv-header-id-meta":"","stick-header-meta":"","header-above-stick-meta":"","header-main-stick-meta":"","header-below-stick-meta":"","astra-migrate-meta-layouts":"default","ast-page-background-enabled":"default","ast-page-background-meta":{"desktop":{"background-color":"var(--ast-global-color-5)","background-image":"","background-repeat":"repeat","background-position":"center center","background-size":"auto","background-attachment":"scroll","background-type":"","background-media":"","overlay-type":"","overlay-color":"","overlay-opacity":"","overlay-gradient":""},"tablet":{"background-color":"","background-image":"","background-repeat":"repeat","background-position":"center center","background-size":"auto","background-attachment":"scroll","background-type":"","background-media":"","overlay-type":"","overlay-color":"","overlay-opacity":"","overlay-gradient":""},"mobile":{"background-color":"","background-image":"","background-repeat":"repeat","background-position":"center center","background-size":"auto","background-attachment":"scroll","background-type":"","background-media":"","overlay-type":"","overlay-color":"","overlay-opacity":"","overlay-gradient":""}},"ast-content-background-meta":{"desktop":{"background-color":"var(--ast-global-color-4)","background-image":"","background-repeat":"repeat","background-position":"center center","background-size":"auto","background-attachment":"scroll","background-type":"","background-media":"","overlay-type":"","overlay-color":"","overlay-opacity":"","overlay-gradient":""},"tablet":{"background-color":"var(--ast-global-color-4)","background-image":"","background-repeat":"repeat","background-position":"center center","background-size":"auto","background-attachment":"scroll","background-type":"","background-media":"","overlay-type":"","overlay-color":"","overlay-opacity":"","overlay-gradient":""},"mobile":{"background-color":"var(--ast-global-color-4)","background-image":"","background-repeat":"repeat","background-position":"center center","background-size":"auto","background-attachment":"scroll","background-type":"","background-media":"","overlay-type":"","overlay-color":"","overlay-opacity":"","overlay-gradient":""}},"footnotes":""},"categories":[75],"tags":[],"class_list":["post-77497","post","type-post","status-publish","format-standard","has-post-thumbnail","hentry","category-noticias"],"acf":[],"_links":{"self":[{"href":"https:\/\/www.parcastronomicprades.cat\/es\/wp-json\/wp\/v2\/posts\/77497","targetHints":{"allow":["GET"]}}],"collection":[{"href":"https:\/\/www.parcastronomicprades.cat\/es\/wp-json\/wp\/v2\/posts"}],"about":[{"href":"https:\/\/www.parcastronomicprades.cat\/es\/wp-json\/wp\/v2\/types\/post"}],"author":[{"embeddable":true,"href":"https:\/\/www.parcastronomicprades.cat\/es\/wp-json\/wp\/v2\/users\/5"}],"replies":[{"embeddable":true,"href":"https:\/\/www.parcastronomicprades.cat\/es\/wp-json\/wp\/v2\/comments?post=77497"}],"version-history":[{"count":0,"href":"https:\/\/www.parcastronomicprades.cat\/es\/wp-json\/wp\/v2\/posts\/77497\/revisions"}],"wp:featuredmedia":[{"embeddable":true,"href":"https:\/\/www.parcastronomicprades.cat\/es\/wp-json\/wp\/v2\/media\/77491"}],"wp:attachment":[{"href":"https:\/\/www.parcastronomicprades.cat\/es\/wp-json\/wp\/v2\/media?parent=77497"}],"wp:term":[{"taxonomy":"category","embeddable":true,"href":"https:\/\/www.parcastronomicprades.cat\/es\/wp-json\/wp\/v2\/categories?post=77497"},{"taxonomy":"post_tag","embeddable":true,"href":"https:\/\/www.parcastronomicprades.cat\/es\/wp-json\/wp\/v2\/tags?post=77497"}],"curies":[{"name":"wp","href":"https:\/\/api.w.org\/{rel}","templated":true}]}}