{"id":33191,"date":"2016-04-10T16:01:23","date_gmt":"2016-04-10T14:01:23","guid":{"rendered":"https:\/\/www.parcastronomicprades.cat\/la-vanguardia-prades-un-destino-astronomico-con-potencial\/"},"modified":"2022-01-04T12:32:07","modified_gmt":"2022-01-04T10:32:07","slug":"la-vanguardia-prades-un-destino-astronomico-con-potencial","status":"publish","type":"post","link":"https:\/\/www.parcastronomicprades.cat\/es\/la-vanguardia-prades-un-destino-astronomico-con-potencial\/","title":{"rendered":"La Vanguardia: \u00abPrades, un destino astron\u00f3mico con potencial\u00bb"},"content":{"rendered":"<p>Publicat a La Vanguardia 10\/04\/2016 https:\/\/www.lavanguardia.com\/local\/tarragona\/20160408\/40979784279\/galaxias-osa-mayor-fotografiadas-prades.html<\/p>\n<p><b>Prades, un destino astron\u00f3mico con potencial<\/b><\/p>\n<p>La orograf\u00eda que rodea a la poblaci\u00f3n de Prades ha sido uno de los elementos que han hecho posibles estas im\u00e1genes. El municipio se encuentra en una zona alta y rodeada de n\u00facleos monta\u00f1osos, de menor y mayor tama\u00f1o, que lo a\u00edslan de la contaminaci\u00f3n lum\u00ednica de ciudades cercanas como Tarragona y otras m\u00e1s alejados como Barcelona y su \u00e1rea de influencia.<\/p>\n<p>\u201cPrades es una zona tur\u00edstica que podr\u00eda explotar las buenas posibilidades de su<b> cielo nocturno<\/b> para hacer observaciones\u201d, destaca Roig, que apunta que el consistorio del municipio \u201cha hecho un buen trabajo\u201d para prevenir la <b>contaminaci\u00f3n lum\u00ednica<\/b> como la instalaci\u00f3n de farolas de vapor de sodio con protecci\u00f3n cenital.<\/p>\n<figure>\n<div id=\"standard_2\" class=\"st-placement standard_2 inImage\">\n<div class=\"st-adunit st-show st-reset\">\n<div class=\"st-container st-reset\">\n<div class=\"st-adunit-ad st-reset\"><\/div>\n<\/div>\n<\/div>\n<\/div>\n<p><img decoding=\"async\" class=\"img-responsive\" src=\"https:\/\/www.lavanguardia.com\/r\/GODO\/LV\/p3\/WebSite\/2016\/04\/08\/Recortada\/img_allorens_20160408-155815_imagenes_lv_otras_fuentes_image2-kNuH--572x381@LaVanguardia-Web.JPG\" alt=\"Imagen de la nebulosa del Cintur\u00f3n de Ori\u00f3n, tambi\u00e9n tomada por Aleix Roig.\" data-src=\"https:\/\/www.lavanguardia.com\/r\/GODO\/LV\/p3\/WebSite\/2016\/04\/08\/Recortada\/img_allorens_20160408-155815_imagenes_lv_otras_fuentes_image2-kNuH--572x381@LaVanguardia-Web.JPG\"><figcaption class=\"img-figcaption\">Imagen de la nebulosa del Cintur\u00f3n de Ori\u00f3n, tambi\u00e9n tomada por Aleix Roig. (Cedida \/ Aleix Roig)<\/figcaption><\/figure>\n<p><b>Pasi\u00f3n por el cielo<\/b><\/p>\n<p>La publicaci\u00f3n de estas im\u00e1genes en Astrum supone para Aleix Roig la consagraci\u00f3n de muchos a\u00f1os de pasi\u00f3n por la astronom\u00eda. \u201cA los 15 a\u00f1os ya estaba totalmente interesado por el espacio y ya me fabriqu\u00e9 mi primer<b> telescopio<\/b>\u201d, cuenta. Y recuerda que \u201cal cabo de poco ya iba solo en el tren a Barcelona para asistir a charlas de astronom\u00eda\u201d. Esta afici\u00f3n le llev\u00f3 a estudiar el primer ciclo de la carrera de F\u00edsica y ahora trabaja como profesor. \u201cIntento trasladar a mis alumnos la pasi\u00f3n por la astronom\u00eda y juntos seguimos aprendiendo\u201d, destaca Roig, que reside tres d\u00edas a la semana en<b> Prades<\/b>, d\u00f3nde puede desarrollar su pasi\u00f3n en un cielo de alta categor\u00eda.<\/p>\n","protected":false},"excerpt":{"rendered":"<p>Publicat a La Vanguardia 10\/04\/2016 https:\/\/www.lavanguardia.com\/local\/tarragona\/20160408\/40979784279\/galaxias-osa-mayor-fotografiadas-prades.html Prades, un destino astron\u00f3mico con potencial La orograf\u00eda que rodea a la poblaci\u00f3n de [&hellip;]<\/p>\n","protected":false},"author":1,"featured_media":0,"comment_status":"closed","ping_status":"open","sticky":false,"template":"","format":"standard","meta":{"_acf_changed":false,"site-sidebar-layout":"default","site-content-layout":"","ast-site-content-layout":"default","site-content-style":"default","site-sidebar-style":"default","ast-global-header-display":"","ast-banner-title-visibility":"","ast-main-header-display":"","ast-hfb-above-header-display":"","ast-hfb-below-header-display":"","ast-hfb-mobile-header-display":"","site-post-title":"","ast-breadcrumbs-content":"","ast-featured-img":"","footer-sml-layout":"","theme-transparent-header-meta":"","adv-header-id-meta":"","stick-header-meta":"","header-above-stick-meta":"","header-main-stick-meta":"","header-below-stick-meta":"","astra-migrate-meta-layouts":"default","ast-page-background-enabled":"default","ast-page-background-meta":{"desktop":{"background-color":"var(--ast-global-color-5)","background-image":"","background-repeat":"repeat","background-position":"center center","background-size":"auto","background-attachment":"scroll","background-type":"","background-media":"","overlay-type":"","overlay-color":"","overlay-opacity":"","overlay-gradient":""},"tablet":{"background-color":"","background-image":"","background-repeat":"repeat","background-position":"center center","background-size":"auto","background-attachment":"scroll","background-type":"","background-media":"","overlay-type":"","overlay-color":"","overlay-opacity":"","overlay-gradient":""},"mobile":{"background-color":"","background-image":"","background-repeat":"repeat","background-position":"center center","background-size":"auto","background-attachment":"scroll","background-type":"","background-media":"","overlay-type":"","overlay-color":"","overlay-opacity":"","overlay-gradient":""}},"ast-content-background-meta":{"desktop":{"background-color":"var(--ast-global-color-4)","background-image":"","background-repeat":"repeat","background-position":"center center","background-size":"auto","background-attachment":"scroll","background-type":"","background-media":"","overlay-type":"","overlay-color":"","overlay-opacity":"","overlay-gradient":""},"tablet":{"background-color":"var(--ast-global-color-4)","background-image":"","background-repeat":"repeat","background-position":"center center","background-size":"auto","background-attachment":"scroll","background-type":"","background-media":"","overlay-type":"","overlay-color":"","overlay-opacity":"","overlay-gradient":""},"mobile":{"background-color":"var(--ast-global-color-4)","background-image":"","background-repeat":"repeat","background-position":"center center","background-size":"auto","background-attachment":"scroll","background-type":"","background-media":"","overlay-type":"","overlay-color":"","overlay-opacity":"","overlay-gradient":""}},"footnotes":""},"categories":[75],"tags":[],"class_list":["post-33191","post","type-post","status-publish","format-standard","hentry","category-noticias"],"acf":[],"_links":{"self":[{"href":"https:\/\/www.parcastronomicprades.cat\/es\/wp-json\/wp\/v2\/posts\/33191","targetHints":{"allow":["GET"]}}],"collection":[{"href":"https:\/\/www.parcastronomicprades.cat\/es\/wp-json\/wp\/v2\/posts"}],"about":[{"href":"https:\/\/www.parcastronomicprades.cat\/es\/wp-json\/wp\/v2\/types\/post"}],"author":[{"embeddable":true,"href":"https:\/\/www.parcastronomicprades.cat\/es\/wp-json\/wp\/v2\/users\/1"}],"replies":[{"embeddable":true,"href":"https:\/\/www.parcastronomicprades.cat\/es\/wp-json\/wp\/v2\/comments?post=33191"}],"version-history":[{"count":1,"href":"https:\/\/www.parcastronomicprades.cat\/es\/wp-json\/wp\/v2\/posts\/33191\/revisions"}],"predecessor-version":[{"id":33195,"href":"https:\/\/www.parcastronomicprades.cat\/es\/wp-json\/wp\/v2\/posts\/33191\/revisions\/33195"}],"wp:attachment":[{"href":"https:\/\/www.parcastronomicprades.cat\/es\/wp-json\/wp\/v2\/media?parent=33191"}],"wp:term":[{"taxonomy":"category","embeddable":true,"href":"https:\/\/www.parcastronomicprades.cat\/es\/wp-json\/wp\/v2\/categories?post=33191"},{"taxonomy":"post_tag","embeddable":true,"href":"https:\/\/www.parcastronomicprades.cat\/es\/wp-json\/wp\/v2\/tags?post=33191"}],"curies":[{"name":"wp","href":"https:\/\/api.w.org\/{rel}","templated":true}]}}